{"id":1613,"date":"2014-12-16T17:32:03","date_gmt":"2014-12-16T16:32:03","guid":{"rendered":"http:\/\/www.helsebixen.dk\/opskrifter\/?p=1613"},"modified":"2026-03-03T13:01:43","modified_gmt":"2026-03-03T12:01:43","slug":"syltede-appelsinskaller","status":"publish","type":"post","link":"https:\/\/www.helsebixen.dk\/magasin\/syltede-appelsinskaller\/","title":{"rendered":"Syltede appelsinskaller"},"content":{"rendered":"<p>Jeg elsker \u00f8kologiske appelsiner. De koster ikke mere end de spr\u00f8jtede, men hvor kan man alts\u00e5 virkelig smage forskel. De \u00f8kologiske er ikke modnet i en lastbil men p\u00e5 et tr\u00e6 i solen. Appelsinerne er meget mere aromatiske og s\u00f8de.&nbsp; Ud over selve det l\u00e6kre frugtk\u00f8d f\u00e5r man som en ekstra bonus appelsinskallerne. Da de ikke er spr\u00f8jtede, kan de uden bekymring anvendes i madlavningen.<\/p>\n<div style=\"font: \/normal 'Times New Roman'; text-align: justify; color: #000000; text-indent: 0px; letter-spacing: normal;\"><\/div>\n<div style=\"font: \/normal 'Times New Roman'; text-align: justify; color: #000000; text-indent: 0px; letter-spacing: normal;\">\n<p style=\"margin: 0px;\">Vask f\u00f8rst den appelsin der skal spises meget grundigt. Selv om den ikke er spr\u00f8jtet, er den jo ikke ren. Herefter kan man g\u00f8re to ting:<\/p>\n<\/div>\n<div style=\"font: \/normal 'Times New Roman'; text-align: justify; color: #000000; text-indent: 0px; letter-spacing: normal;\"><\/div>\n<ol style=\"font: \/normal 'Times New Roman'; color: #000000; text-indent: 0px; letter-spacing: normal;\">\n<li>Skr\u00e6lle appelsinen som man plejer, det vil sige, at alt det hvide kommer med. Det vil g\u00f8re siruppen lidt bitter.<\/li>\n<li>Med en kniv sk\u00e6re skr\u00e6llen af ganske tyndt s\u00e5 man ikke f\u00e5r det hvide med.<\/li>\n<\/ol>\n<p style=\"font: \/normal 'Times New Roman'; margin: 0px; color: #000000; text-indent: 0px; letter-spacing: normal;\">Jeg har med de her skaller bare skr\u00e6llet frugterne p\u00e5 ganske normal vis. Skallerne blev samlet i poser i min fryser. Jeg kan godt lide at bruge syltede appelsinskaller i boller med rosiner.<\/p>\n<p class=\"separator\" style=\"font: \/normal 'Times New Roman'; margin: 0px; text-align: justify; color: #000000; text-indent: 0px; letter-spacing: normal; clear: both;\">Jeg fik efterh\u00e5nden samlet ca 1 kilo &nbsp;appelsinskaller. I en stor gryde kom jeg 2,5 liter vand og 1,8 kilo sukker. Gryden kom p\u00e5 komfuret og det hele fik et opkog.<\/p>\n<p class=\"separator\" style=\"margin: 0px; text-align: justify; color: #000000; text-indent: 0px; letter-spacing: normal; clear: both;\">Da sukkeret var blevet opl\u00f8st, kom appelsinskallerne i. De blev kogt m\u00f8re i sukkerlagen under l\u00e5g i 30 minutter.<\/p>\n<p class=\"separator\" style=\"margin: 0px; text-align: justify; color: #000000; text-indent: 0px; letter-spacing: normal; clear: both;\"><span style=\"font: \/normal 'Times New Roman'; text-align: center; color: #000000; text-indent: 0px; letter-spacing: normal; float: none;\">Appelsinskallerne blev taget op med en hul-ske og lagt til afk\u00f8ling p\u00e5 to bageplader med bagepapir. <span style=\"font: \/normal 'Times New Roman'; text-align: center; color: #000000; text-indent: 0px; letter-spacing: normal; float: none;\">Appelsinskallerne blev sk\u00e5ret ud i sm\u00e5 tern. <\/span><\/span><\/p>\n<p class=\"separator\" style=\"margin: 0px; text-align: justify; color: #000000; text-indent: 0px; letter-spacing: normal; clear: both;\">Jeg delte det hele op i sm\u00e5 portioner af 1 dl appelsinskaller. De blev pakket i madfilm og nu er de i fryseren. Det er nemt at tage en lille portion op, n\u00e5r der skal bages boller eller sm\u00e5kager. Velbekomme!<\/p>","protected":false},"excerpt":{"rendered":"<p>Jeg elsker \u00f8kologiske appelsiner. De koster ikke mere end de spr\u00f8jtede, men hvor kan man alts\u00e5 virkelig smage forskel. De \u00f8kologiske er ikke modnet i en lastbil men p\u00e5 et tr\u00e6 i solen. Appelsinerne er meget mere aromatiske og s\u00f8de.&nbsp;&hellip;<\/p>\n","protected":false},"author":64,"featured_media":2364,"comment_status":"closed","ping_status":"closed","sticky":false,"template":"","format":"standard","meta":[],"categories":[14],"tags":[96,86],"acf":[],"yoast_head":"<!-- This site is optimized with the Yoast SEO plugin v18.6 - https:\/\/yoast.com\/wordpress\/plugins\/seo\/ -->\n<title>Syltede appelsinskaller | Helsebixen.dk<\/title>\n<meta name=\"robots\" content=\"index, follow, max-snippet:-1, max-image-preview:large, max-video-preview:-1\" \/>\n<link rel=\"canonical\" href=\"https:\/\/www.helsebixen.dk\/magasin\/syltede-appelsinskaller\/\" \/>\n<meta property=\"og:locale\" content=\"da_DK\" \/>\n<meta property=\"og:type\" content=\"article\" \/>\n<meta property=\"og:title\" content=\"Syltede appelsinskaller | Helsebixen.dk\" \/>\n<meta property=\"og:description\" content=\"Jeg elsker \u00f8kologiske appelsiner. De koster ikke mere end de spr\u00f8jtede, men hvor kan man alts\u00e5 virkelig smage forskel. De \u00f8kologiske er ikke modnet i en lastbil men p\u00e5 et tr\u00e6 i solen. Appelsinerne er meget mere aromatiske og s\u00f8de.&nbsp;&hellip;\" \/>\n<meta property=\"og:url\" content=\"https:\/\/www.helsebixen.dk\/magasin\/syltede-appelsinskaller\/\" \/>\n<meta property=\"article:published_time\" content=\"2014-12-16T16:32:03+00:00\" \/>\n<meta property=\"article:modified_time\" content=\"2026-03-03T12:01:43+00:00\" \/>\n<meta property=\"og:image\" content=\"https:\/\/www.helsebixen.dk\/magasin\/wp-content\/uploads\/2014\/12\/orange-188082_1280.jpg\" \/>\n\t<meta property=\"og:image:width\" content=\"1280\" \/>\n\t<meta property=\"og:image:height\" content=\"853\" \/>\n\t<meta property=\"og:image:type\" content=\"image\/jpeg\" \/>\n<meta name=\"twitter:card\" content=\"summary\" \/>\n<meta name=\"twitter:label1\" content=\"Skrevet af\" \/>\n\t<meta name=\"twitter:data1\" content=\"Filip Evaldsen\" \/>\n\t<meta name=\"twitter:label2\" content=\"Estimeret l\u00e6setid\" \/>\n\t<meta name=\"twitter:data2\" content=\"2 minutter\" \/>\n<script type=\"application\/ld+json\" class=\"yoast-schema-graph\">{\"@context\":\"https:\/\/schema.org\",\"@graph\":[{\"@type\":\"WebSite\",\"@id\":\"https:\/\/www.helsebixen.dk\/magasin\/#website\",\"url\":\"https:\/\/www.helsebixen.dk\/magasin\/\",\"name\":\"\",\"description\":\"Opskrifter, snacks, mellemm\u00e5ltider\",\"potentialAction\":[{\"@type\":\"SearchAction\",\"target\":{\"@type\":\"EntryPoint\",\"urlTemplate\":\"https:\/\/www.helsebixen.dk\/magasin\/?s={search_term_string}\"},\"query-input\":\"required name=search_term_string\"}],\"inLanguage\":\"da-DK\"},{\"@type\":\"ImageObject\",\"@id\":\"https:\/\/www.helsebixen.dk\/magasin\/syltede-appelsinskaller\/#primaryimage\",\"inLanguage\":\"da-DK\",\"url\":\"https:\/\/www.helsebixen.dk\/magasin\/wp-content\/uploads\/2014\/12\/orange-188082_1280.jpg\",\"contentUrl\":\"https:\/\/www.helsebixen.dk\/magasin\/wp-content\/uploads\/2014\/12\/orange-188082_1280.jpg\",\"width\":1280,\"height\":853},{\"@type\":\"WebPage\",\"@id\":\"https:\/\/www.helsebixen.dk\/magasin\/syltede-appelsinskaller\/#webpage\",\"url\":\"https:\/\/www.helsebixen.dk\/magasin\/syltede-appelsinskaller\/\",\"name\":\"Syltede appelsinskaller | Helsebixen.dk\",\"isPartOf\":{\"@id\":\"https:\/\/www.helsebixen.dk\/magasin\/#website\"},\"primaryImageOfPage\":{\"@id\":\"https:\/\/www.helsebixen.dk\/magasin\/syltede-appelsinskaller\/#primaryimage\"},\"datePublished\":\"2014-12-16T16:32:03+00:00\",\"dateModified\":\"2026-03-03T12:01:43+00:00\",\"author\":{\"@id\":\"https:\/\/www.helsebixen.dk\/magasin\/#\/schema\/person\/a221d55029ab6f233422ed4ae1840222\"},\"breadcrumb\":{\"@id\":\"https:\/\/www.helsebixen.dk\/magasin\/syltede-appelsinskaller\/#breadcrumb\"},\"inLanguage\":\"da-DK\",\"potentialAction\":[{\"@type\":\"ReadAction\",\"target\":[\"https:\/\/www.helsebixen.dk\/magasin\/syltede-appelsinskaller\/\"]}]},{\"@type\":\"BreadcrumbList\",\"@id\":\"https:\/\/www.helsebixen.dk\/magasin\/syltede-appelsinskaller\/#breadcrumb\",\"itemListElement\":[{\"@type\":\"ListItem\",\"position\":1,\"name\":\"Home\",\"item\":\"https:\/\/www.helsebixen.dk\/magasin\/\"},{\"@type\":\"ListItem\",\"position\":2,\"name\":\"Syltede appelsinskaller\"}]},{\"@type\":\"Person\",\"@id\":\"https:\/\/www.helsebixen.dk\/magasin\/#\/schema\/person\/a221d55029ab6f233422ed4ae1840222\",\"name\":\"Filip Evaldsen\",\"image\":{\"@type\":\"ImageObject\",\"@id\":\"https:\/\/www.helsebixen.dk\/magasin\/#personlogo\",\"inLanguage\":\"da-DK\",\"url\":\"https:\/\/www.helsebixen.dk\/magasin\/wp-content\/uploads\/2019\/04\/filip-evaldsen.jpg\",\"contentUrl\":\"https:\/\/www.helsebixen.dk\/magasin\/wp-content\/uploads\/2019\/04\/filip-evaldsen.jpg\",\"caption\":\"Filip Evaldsen\"},\"description\":\"Filip er ansvarlig for Helsebixen.dk og fagekspert indenfor helsekost og har gennem sine mange \u00e5r i branchen opbygget en dybdeg\u00e5ende og bred viden inden for kosttilskud og sunde f\u00f8devarer.\",\"sameAs\":[\"https:\/\/www.helsebixen.dk\/shop\/filip-evaldsen\"],\"url\":\"https:\/\/www.helsebixen.dk\/shop\/ekspert-skribenter\"}]}<\/script>\n<!-- \/ Yoast SEO plugin. -->","yoast_head_json":{"title":"Syltede appelsinskaller | Helsebixen.dk","robots":{"index":"index","follow":"follow","max-snippet":"max-snippet:-1","max-image-preview":"max-image-preview:large","max-video-preview":"max-video-preview:-1"},"canonical":"https:\/\/www.helsebixen.dk\/magasin\/syltede-appelsinskaller\/","og_locale":"da_DK","og_type":"article","og_title":"Syltede appelsinskaller | Helsebixen.dk","og_description":"Jeg elsker \u00f8kologiske appelsiner. De koster ikke mere end de spr\u00f8jtede, men hvor kan man alts\u00e5 virkelig smage forskel. De \u00f8kologiske er ikke modnet i en lastbil men p\u00e5 et tr\u00e6 i solen. Appelsinerne er meget mere aromatiske og s\u00f8de.&nbsp;&hellip;","og_url":"https:\/\/www.helsebixen.dk\/magasin\/syltede-appelsinskaller\/","article_published_time":"2014-12-16T16:32:03+00:00","article_modified_time":"2026-03-03T12:01:43+00:00","og_image":[{"width":1280,"height":853,"url":"https:\/\/www.helsebixen.dk\/magasin\/wp-content\/uploads\/2014\/12\/orange-188082_1280.jpg","type":"image\/jpeg"}],"twitter_card":"summary","twitter_misc":{"Skrevet af":"Filip Evaldsen","Estimeret l\u00e6setid":"2 minutter"},"schema":{"@context":"https:\/\/schema.org","@graph":[{"@type":"WebSite","@id":"https:\/\/www.helsebixen.dk\/magasin\/#website","url":"https:\/\/www.helsebixen.dk\/magasin\/","name":"","description":"Opskrifter, snacks, mellemm\u00e5ltider","potentialAction":[{"@type":"SearchAction","target":{"@type":"EntryPoint","urlTemplate":"https:\/\/www.helsebixen.dk\/magasin\/?s={search_term_string}"},"query-input":"required name=search_term_string"}],"inLanguage":"da-DK"},{"@type":"ImageObject","@id":"https:\/\/www.helsebixen.dk\/magasin\/syltede-appelsinskaller\/#primaryimage","inLanguage":"da-DK","url":"https:\/\/www.helsebixen.dk\/magasin\/wp-content\/uploads\/2014\/12\/orange-188082_1280.jpg","contentUrl":"https:\/\/www.helsebixen.dk\/magasin\/wp-content\/uploads\/2014\/12\/orange-188082_1280.jpg","width":1280,"height":853},{"@type":"WebPage","@id":"https:\/\/www.helsebixen.dk\/magasin\/syltede-appelsinskaller\/#webpage","url":"https:\/\/www.helsebixen.dk\/magasin\/syltede-appelsinskaller\/","name":"Syltede appelsinskaller | Helsebixen.dk","isPartOf":{"@id":"https:\/\/www.helsebixen.dk\/magasin\/#website"},"primaryImageOfPage":{"@id":"https:\/\/www.helsebixen.dk\/magasin\/syltede-appelsinskaller\/#primaryimage"},"datePublished":"2014-12-16T16:32:03+00:00","dateModified":"2026-03-03T12:01:43+00:00","author":{"@id":"https:\/\/www.helsebixen.dk\/magasin\/#\/schema\/person\/a221d55029ab6f233422ed4ae1840222"},"breadcrumb":{"@id":"https:\/\/www.helsebixen.dk\/magasin\/syltede-appelsinskaller\/#breadcrumb"},"inLanguage":"da-DK","potentialAction":[{"@type":"ReadAction","target":["https:\/\/www.helsebixen.dk\/magasin\/syltede-appelsinskaller\/"]}]},{"@type":"BreadcrumbList","@id":"https:\/\/www.helsebixen.dk\/magasin\/syltede-appelsinskaller\/#breadcrumb","itemListElement":[{"@type":"ListItem","position":1,"name":"Home","item":"https:\/\/www.helsebixen.dk\/magasin\/"},{"@type":"ListItem","position":2,"name":"Syltede appelsinskaller"}]},{"@type":"Person","@id":"https:\/\/www.helsebixen.dk\/magasin\/#\/schema\/person\/a221d55029ab6f233422ed4ae1840222","name":"Filip Evaldsen","image":{"@type":"ImageObject","@id":"https:\/\/www.helsebixen.dk\/magasin\/#personlogo","inLanguage":"da-DK","url":"https:\/\/www.helsebixen.dk\/magasin\/wp-content\/uploads\/2019\/04\/filip-evaldsen.jpg","contentUrl":"https:\/\/www.helsebixen.dk\/magasin\/wp-content\/uploads\/2019\/04\/filip-evaldsen.jpg","caption":"Filip Evaldsen"},"description":"Filip er ansvarlig for Helsebixen.dk og fagekspert indenfor helsekost og har gennem sine mange \u00e5r i branchen opbygget en dybdeg\u00e5ende og bred viden inden for kosttilskud og sunde f\u00f8devarer.","sameAs":["https:\/\/www.helsebixen.dk\/shop\/filip-evaldsen"],"url":"https:\/\/www.helsebixen.dk\/shop\/ekspert-skribenter"}]}},"modified_by":"Filip Evaldsen","_links":{"self":[{"href":"https:\/\/www.helsebixen.dk\/magasin\/wp-json\/wp\/v2\/posts\/1613"}],"collection":[{"href":"https:\/\/www.helsebixen.dk\/magasin\/wp-json\/wp\/v2\/posts"}],"about":[{"href":"https:\/\/www.helsebixen.dk\/magasin\/wp-json\/wp\/v2\/types\/post"}],"author":[{"embeddable":true,"href":"https:\/\/www.helsebixen.dk\/magasin\/wp-json\/wp\/v2\/users\/64"}],"replies":[{"embeddable":true,"href":"https:\/\/www.helsebixen.dk\/magasin\/wp-json\/wp\/v2\/comments?post=1613"}],"version-history":[{"count":4,"href":"https:\/\/www.helsebixen.dk\/magasin\/wp-json\/wp\/v2\/posts\/1613\/revisions"}],"predecessor-version":[{"id":18734,"href":"https:\/\/www.helsebixen.dk\/magasin\/wp-json\/wp\/v2\/posts\/1613\/revisions\/18734"}],"wp:featuredmedia":[{"embeddable":true,"href":"https:\/\/www.helsebixen.dk\/magasin\/wp-json\/wp\/v2\/media\/2364"}],"wp:attachment":[{"href":"https:\/\/www.helsebixen.dk\/magasin\/wp-json\/wp\/v2\/media?parent=1613"}],"wp:term":[{"taxonomy":"category","embeddable":true,"href":"https:\/\/www.helsebixen.dk\/magasin\/wp-json\/wp\/v2\/categories?post=1613"},{"taxonomy":"post_tag","embeddable":true,"href":"https:\/\/www.helsebixen.dk\/magasin\/wp-json\/wp\/v2\/tags?post=1613"}],"curies":[{"name":"wp","href":"https:\/\/api.w.org\/{rel}","templated":true}]}}